{"id":846,"date":"2014-07-01T11:16:39","date_gmt":"2014-07-01T11:16:39","guid":{"rendered":"http:\/\/www.sima.org.pt\/?p=846"},"modified":"2014-07-01T11:16:39","modified_gmt":"2014-07-01T11:16:39","slug":"setor-farmaceutico","status":"publish","type":"post","link":"http:\/\/sima.org.pt\/?p=846","title":{"rendered":"Setor Farmaceutico"},"content":{"rendered":"<p>O SIMA vem pelo presente informar de que j\u00e1 foram assinadas novas tabelas salariais para o sector farmac\u00eautico, por favor consulta a parte da Negocia\u00e7\u00e3o Colectiva<\/p>\n","protected":false},"excerpt":{"rendered":"<p>O SIMA vem pelo presente informar de que j\u00e1 foram assinadas novas tabelas salariais para o sector farmac\u00eautico, por favor consulta a parte da Negocia\u00e7\u00e3o Colectiva<\/p>\n","protected":false},"author":2,"featured_media":0,"comment_status":"closed","ping_status":"closed","sticky":false,"template":"","format":"standard","meta":{"footnotes":""},"categories":[8],"tags":[],"_links":{"self":[{"href":"http:\/\/sima.org.pt\/index.php?rest_route=\/wp\/v2\/posts\/846"}],"collection":[{"href":"http:\/\/sima.org.pt\/index.php?rest_route=\/wp\/v2\/posts"}],"about":[{"href":"http:\/\/sima.org.pt\/index.php?rest_route=\/wp\/v2\/types\/post"}],"author":[{"embeddable":true,"href":"http:\/\/sima.org.pt\/index.php?rest_route=\/wp\/v2\/users\/2"}],"replies":[{"embeddable":true,"href":"http:\/\/sima.org.pt\/index.php?rest_route=%2Fwp%2Fv2%2Fcomments&post=846"}],"version-history":[{"count":0,"href":"http:\/\/sima.org.pt\/index.php?rest_route=\/wp\/v2\/posts\/846\/revisions"}],"wp:attachment":[{"href":"http:\/\/sima.org.pt\/index.php?rest_route=%2Fwp%2Fv2%2Fmedia&parent=846"}],"wp:term":[{"taxonomy":"category","embeddable":true,"href":"http:\/\/sima.org.pt\/index.php?rest_route=%2Fwp%2Fv2%2Fcategories&post=846"},{"taxonomy":"post_tag","embeddable":true,"href":"http:\/\/sima.org.pt\/index.php?rest_route=%2Fwp%2Fv2%2Ftags&post=846"}],"curies":[{"name":"wp","href":"https:\/\/api.w.org\/{rel}","templated":true}]}}