{"id":844,"date":"2014-06-09T09:01:07","date_gmt":"2014-06-09T09:01:07","guid":{"rendered":"http:\/\/www.sima.org.pt\/?p=844"},"modified":"2014-06-09T09:01:07","modified_gmt":"2014-06-09T09:01:07","slug":"alteracoes-a-legislacao-laboral","status":"publish","type":"post","link":"http:\/\/sima.org.pt\/?p=844","title":{"rendered":"Altera\u00e7\u00f5es \u00e0 Legisla\u00e7\u00e3o Laboral"},"content":{"rendered":"<p>O SIMA vem publicamente manifestar a sua oposi\u00e7\u00e3o \u00e1s altera\u00e7\u00f5es legislativas que pretendem ser introduzidas \u00e0s mat\u00e9rias da negocia\u00e7\u00e3o coletiva; entende o SIMA que as mesmas s\u00e3o incompreens\u00edveis, sem qualquer utilidade e gravemente prejudiciais aos trabalhadores. Vislumbramos apenas uma vontade de \u00abacabar\u00bb coma negocia\u00e7\u00e3o coletiva.<\/p>\n","protected":false},"excerpt":{"rendered":"<p>O SIMA vem publicamente manifestar a sua oposi\u00e7\u00e3o \u00e1s altera\u00e7\u00f5es legislativas que pretendem ser introduzidas \u00e0s mat\u00e9rias da negocia\u00e7\u00e3o coletiva; entende o SIMA que as mesmas s\u00e3o incompreens\u00edveis, sem qualquer utilidade e gravemente prejudiciais aos trabalhadores. Vislumbramos apenas uma vontade de \u00abacabar\u00bb coma negocia\u00e7\u00e3o coletiva.<\/p>\n","protected":false},"author":2,"featured_media":0,"comment_status":"closed","ping_status":"closed","sticky":false,"template":"","format":"standard","meta":{"footnotes":""},"categories":[8],"tags":[],"_links":{"self":[{"href":"http:\/\/sima.org.pt\/index.php?rest_route=\/wp\/v2\/posts\/844"}],"collection":[{"href":"http:\/\/sima.org.pt\/index.php?rest_route=\/wp\/v2\/posts"}],"about":[{"href":"http:\/\/sima.org.pt\/index.php?rest_route=\/wp\/v2\/types\/post"}],"author":[{"embeddable":true,"href":"http:\/\/sima.org.pt\/index.php?rest_route=\/wp\/v2\/users\/2"}],"replies":[{"embeddable":true,"href":"http:\/\/sima.org.pt\/index.php?rest_route=%2Fwp%2Fv2%2Fcomments&post=844"}],"version-history":[{"count":0,"href":"http:\/\/sima.org.pt\/index.php?rest_route=\/wp\/v2\/posts\/844\/revisions"}],"wp:attachment":[{"href":"http:\/\/sima.org.pt\/index.php?rest_route=%2Fwp%2Fv2%2Fmedia&parent=844"}],"wp:term":[{"taxonomy":"category","embeddable":true,"href":"http:\/\/sima.org.pt\/index.php?rest_route=%2Fwp%2Fv2%2Fcategories&post=844"},{"taxonomy":"post_tag","embeddable":true,"href":"http:\/\/sima.org.pt\/index.php?rest_route=%2Fwp%2Fv2%2Ftags&post=844"}],"curies":[{"name":"wp","href":"https:\/\/api.w.org\/{rel}","templated":true}]}}