{"id":685,"date":"2012-10-01T11:56:12","date_gmt":"2012-10-01T11:56:12","guid":{"rendered":"http:\/\/www.sima.org.pt\/?p=685"},"modified":"2012-10-01T11:56:12","modified_gmt":"2012-10-01T11:56:12","slug":"plenarios-no-parque-da-autoeuropa","status":"publish","type":"post","link":"http:\/\/sima.org.pt\/?p=685","title":{"rendered":"PLEN\u00c1RIOS NO PARQUE DA AUTOEUROPA"},"content":{"rendered":"<p style=\"text-align: justify;\">O SIMA vai realizar dois plen\u00e1rios em empresas sediadas no parque da AutoEuropa: nomeadamente na AutoVision no dia 3 de Outubro das 7h00 \u00e1s 8h00 e das 15h30 \u00e1s 16h30; Schnellecke \u00a0dia 3 de Outubro das 7h00 \u00e1s 8h00 e das 15h30 \u00e1s 16h30. No primeiro visa analisar-se a aplica\u00e7\u00e3o do Contrato Colectivo do sector na empresa, e os resultados da reuni\u00e3o com a Administra\u00e7\u00e3o da empresa em que foi apresentada a peti\u00e7\u00e3o desenvolvida por esta estrutura; \u00a0e no segundo, analisar \u00a0a actual situa\u00e7\u00e3o da empresa e as medidas a assumir no futuro. Contamos com a presen\u00e7a de todos os s\u00f3cios do SIMA e dos trabalhadores em geral.<\/p>\n","protected":false},"excerpt":{"rendered":"<p style=\"text-align: justify;\">O SIMA vai realizar dois plen\u00e1rios em empresas sediadas no parque da AutoEuropa: nomeadamente na AutoVision no dia 3 de Outubro das 7h00 \u00e1s 8h00 e das 15h30 \u00e1s 16h30; Schnellecke dia 3 de Outubro das 7h00 \u00e1s 8h00 e das 15h30 \u00e1s 16h30. No primeiro visa analisar-se a aplica\u00e7\u00e3o do Contrato Colectivo do sector na empresa, e os resultados da reuni\u00e3o com a Administra\u00e7\u00e3o da empresa em que foi apresentada a peti\u00e7\u00e3o desenvolvida por esta estrutura; e no segundo, analisar a actual situa\u00e7\u00e3o da empresa e as medidas a assumir no futuro. Contamos com a presen\u00e7a de todos os s\u00f3cios do SIMA e dos trabalhadores em geral.<\/p>\n","protected":false},"author":2,"featured_media":0,"comment_status":"closed","ping_status":"closed","sticky":false,"template":"","format":"standard","meta":{"footnotes":""},"categories":[6],"tags":[],"_links":{"self":[{"href":"http:\/\/sima.org.pt\/index.php?rest_route=\/wp\/v2\/posts\/685"}],"collection":[{"href":"http:\/\/sima.org.pt\/index.php?rest_route=\/wp\/v2\/posts"}],"about":[{"href":"http:\/\/sima.org.pt\/index.php?rest_route=\/wp\/v2\/types\/post"}],"author":[{"embeddable":true,"href":"http:\/\/sima.org.pt\/index.php?rest_route=\/wp\/v2\/users\/2"}],"replies":[{"embeddable":true,"href":"http:\/\/sima.org.pt\/index.php?rest_route=%2Fwp%2Fv2%2Fcomments&post=685"}],"version-history":[{"count":0,"href":"http:\/\/sima.org.pt\/index.php?rest_route=\/wp\/v2\/posts\/685\/revisions"}],"wp:attachment":[{"href":"http:\/\/sima.org.pt\/index.php?rest_route=%2Fwp%2Fv2%2Fmedia&parent=685"}],"wp:term":[{"taxonomy":"category","embeddable":true,"href":"http:\/\/sima.org.pt\/index.php?rest_route=%2Fwp%2Fv2%2Fcategories&post=685"},{"taxonomy":"post_tag","embeddable":true,"href":"http:\/\/sima.org.pt\/index.php?rest_route=%2Fwp%2Fv2%2Ftags&post=685"}],"curies":[{"name":"wp","href":"https:\/\/api.w.org\/{rel}","templated":true}]}}