{"id":643,"date":"2012-01-23T15:45:33","date_gmt":"2012-01-23T15:45:33","guid":{"rendered":"http:\/\/www.sima.org.pt\/?p=643"},"modified":"2012-01-23T15:45:33","modified_gmt":"2012-01-23T15:45:33","slug":"negociacao-colectiva","status":"publish","type":"post","link":"http:\/\/sima.org.pt\/?p=643","title":{"rendered":"NEGOCIA\u00c7\u00c3O COLECTIVA"},"content":{"rendered":"<div id=\"_mcePaste\" style=\"position: absolute; left: -10000px; top: 0px; width: 1px; height: 1px; overflow-x: hidden; overflow-y: hidden;\">Sector Autom\u00f3vel &#8211; Decorreu na semana passada mais uma reuni\u00e3o de negocia\u00e7\u00e3o; o processo est\u00e1 bastante avan\u00e7ado e as negocia\u00e7\u00f5es retomaram um bom ritmo. De reiterar que o contar\u00e3o colectivo para o sector autom\u00f3vel firmado pelo SIMA com a ACAP e outras est\u00e1 valido.<\/div>\n<div id=\"_mcePaste\" style=\"position: absolute; left: -10000px; top: 0px; width: 1px; height: 1px; overflow-x: hidden; overflow-y: hidden;\">Sector Qu\u00edmico &#8211; Ser\u00e1 na pr\u00f3xima semana a primeira reuni\u00e3o de negocia\u00e7\u00e3o para revis\u00e3o do contrato colectivo do sector para 2012. De reiterar que o contar\u00e3o colectivo para o sector qu\u00edmico firmado pelo SIMA com a Associa\u00e7\u00e3o das Industrias Qu\u00edmicas e outras est\u00e1 valido.<\/div>\n<div style=\"text-align: justify;\">Sector Autom\u00f3vel &#8211; Decorreu na semana passada mais uma reuni\u00e3o de negocia\u00e7\u00e3o; o processo est\u00e1 bastante avan\u00e7ado e as negocia\u00e7\u00f5es retomaram um bom ritmo. De reiterar que o contar\u00e3o colectivo para o sector autom\u00f3vel firmado pelo SIMA com a ACAP e outras est\u00e1 valido.<\/div>\n<div style=\"text-align: justify;\"><\/div>\n<div style=\"text-align: justify;\">Sector Qu\u00edmico &#8211; Ser\u00e1 na pr\u00f3xima semana a primeira reuni\u00e3o de negocia\u00e7\u00e3o para revis\u00e3o do contrato colectivo do sector para 2012. De reiterar que o contar\u00e3o colectivo para o sector qu\u00edmico firmado pelo SIMA com a Associa\u00e7\u00e3o das Industrias Qu\u00edmicas e outras est\u00e1 valido.<\/div>\n","protected":false},"excerpt":{"rendered":"<p>Sector Autom\u00f3vel &#8211; Decorreu na semana passada mais uma reuni\u00e3o de negocia\u00e7\u00e3o; o processo est\u00e1 bastante avan\u00e7ado e as negocia\u00e7\u00f5es retomaram um bom ritmo. De reiterar que o contar\u00e3o colectivo para o sector autom\u00f3vel firmado pelo SIMA com a ACAP e outras est\u00e1 valido. Sector Qu\u00edmico &#8211; Ser\u00e1 na pr\u00f3xima semana a primeira reuni\u00e3o de negocia\u00e7\u00e3o para revis\u00e3o do contrato colectivo do sector para 2012. De reiterar que o contar\u00e3o colectivo para o sector qu\u00edmico firmado pelo SIMA com a Associa\u00e7\u00e3o das Industrias Qu\u00edmicas e outras est\u00e1 valido. Sector Autom\u00f3vel &#8211; Decorreu na semana passada mais uma reuni\u00e3o de negocia\u00e7\u00e3o; o processo est\u00e1 bastante avan\u00e7ado e as negocia\u00e7\u00f5es retomaram um bom ritmo. De reiterar que o contar\u00e3o colectivo para o sector autom\u00f3vel firmado pelo SIMA com a ACAP e outras est\u00e1 valido. Sector Qu\u00edmico &#8211; Ser\u00e1 na pr\u00f3xima semana a primeira reuni\u00e3o de negocia\u00e7\u00e3o para revis\u00e3o do contrato colectivo do sector para 2012. De reiterar que o contar\u00e3o colectivo para o sector qu\u00edmico firmado pelo SIMA com a Associa\u00e7\u00e3o das Industrias Qu\u00edmicas e outras est\u00e1 valido. <\/p>\n","protected":false},"author":2,"featured_media":0,"comment_status":"closed","ping_status":"closed","sticky":false,"template":"","format":"standard","meta":{"footnotes":""},"categories":[4],"tags":[],"_links":{"self":[{"href":"http:\/\/sima.org.pt\/index.php?rest_route=\/wp\/v2\/posts\/643"}],"collection":[{"href":"http:\/\/sima.org.pt\/index.php?rest_route=\/wp\/v2\/posts"}],"about":[{"href":"http:\/\/sima.org.pt\/index.php?rest_route=\/wp\/v2\/types\/post"}],"author":[{"embeddable":true,"href":"http:\/\/sima.org.pt\/index.php?rest_route=\/wp\/v2\/users\/2"}],"replies":[{"embeddable":true,"href":"http:\/\/sima.org.pt\/index.php?rest_route=%2Fwp%2Fv2%2Fcomments&post=643"}],"version-history":[{"count":0,"href":"http:\/\/sima.org.pt\/index.php?rest_route=\/wp\/v2\/posts\/643\/revisions"}],"wp:attachment":[{"href":"http:\/\/sima.org.pt\/index.php?rest_route=%2Fwp%2Fv2%2Fmedia&parent=643"}],"wp:term":[{"taxonomy":"category","embeddable":true,"href":"http:\/\/sima.org.pt\/index.php?rest_route=%2Fwp%2Fv2%2Fcategories&post=643"},{"taxonomy":"post_tag","embeddable":true,"href":"http:\/\/sima.org.pt\/index.php?rest_route=%2Fwp%2Fv2%2Ftags&post=643"}],"curies":[{"name":"wp","href":"https:\/\/api.w.org\/{rel}","templated":true}]}}