{"id":381,"date":"2010-07-15T10:15:17","date_gmt":"2010-07-15T10:15:17","guid":{"rendered":"http:\/\/www.sima.org.pt\/?p=381"},"modified":"2010-07-15T10:15:17","modified_gmt":"2010-07-15T10:15:17","slug":"revisao-das-materias-salariais-no-sector-farmaceutico","status":"publish","type":"post","link":"http:\/\/sima.org.pt\/?p=381","title":{"rendered":"REVIS\u00c3O DAS MAT\u00c9RIAS SALARIAIS NO SECTOR FARMAC\u00caUTICO"},"content":{"rendered":"<p style=\"text-align: justify;\">Com o crescimento da presen\u00e7a do SIMA no sector farmac\u00eautico, o SIMA passou tamb\u00e9m a negociar e assinar o CCT do sector. De notar que o crescimento do SIMA, neste sector, tem sido muito significativo, tendo os trabalhadores aderido fortemente ao SIMA e aos seus ideais e propostas sindicais. Assim sendo, o SIMA est\u00e1 no sector como parte negocial e espera trazer, a este sector, todo um dinamismo sindical caracter\u00edstico do SIMA que, at\u00e9 \u00e0 data n\u00e3o se fazia sentir com outras estruturas. O SIMA tem apresentado novas propostas e ideias aos trabalhadores do sector que t\u00eam sido muito bem aceites. \u00c9 tempo do sector farmac\u00eautico ter um sindicato din\u00e2mico com os trabalhadores e ao seu lado na defesa dos seus interesses. N\u00e3o um sindicalismo retr\u00f3grado ou um sindicalismo de papel que n\u00e3o est\u00e1 realmente junto dos trabalhadores. Nota poder\u00e1s obter todo o CCT do sector, directamente aqui na p\u00e1gina do SIMA na parte referente \u00e0 negocia\u00e7\u00e3o colectiva.<\/p>\n","protected":false},"excerpt":{"rendered":"<p>om o crescimento da presen\u00e7a do SIMA no sector farmac\u00eautico, o SIMA passou tamb\u00e9m a negociar e assinar o CCT do sector.  [<a href=\"http:\/\/sima.org.pt\/?p=381\">&#8230;<\/a>]<\/p>\n","protected":false},"author":2,"featured_media":0,"comment_status":"closed","ping_status":"closed","sticky":false,"template":"","format":"standard","meta":{"footnotes":""},"categories":[4],"tags":[],"_links":{"self":[{"href":"http:\/\/sima.org.pt\/index.php?rest_route=\/wp\/v2\/posts\/381"}],"collection":[{"href":"http:\/\/sima.org.pt\/index.php?rest_route=\/wp\/v2\/posts"}],"about":[{"href":"http:\/\/sima.org.pt\/index.php?rest_route=\/wp\/v2\/types\/post"}],"author":[{"embeddable":true,"href":"http:\/\/sima.org.pt\/index.php?rest_route=\/wp\/v2\/users\/2"}],"replies":[{"embeddable":true,"href":"http:\/\/sima.org.pt\/index.php?rest_route=%2Fwp%2Fv2%2Fcomments&post=381"}],"version-history":[{"count":0,"href":"http:\/\/sima.org.pt\/index.php?rest_route=\/wp\/v2\/posts\/381\/revisions"}],"wp:attachment":[{"href":"http:\/\/sima.org.pt\/index.php?rest_route=%2Fwp%2Fv2%2Fmedia&parent=381"}],"wp:term":[{"taxonomy":"category","embeddable":true,"href":"http:\/\/sima.org.pt\/index.php?rest_route=%2Fwp%2Fv2%2Fcategories&post=381"},{"taxonomy":"post_tag","embeddable":true,"href":"http:\/\/sima.org.pt\/index.php?rest_route=%2Fwp%2Fv2%2Ftags&post=381"}],"curies":[{"name":"wp","href":"https:\/\/api.w.org\/{rel}","templated":true}]}}